{"id":213,"date":"2021-08-09T11:09:07","date_gmt":"2021-08-09T11:09:07","guid":{"rendered":"https:\/\/www.helloromania.com\/blog\/?p=213"},"modified":"2021-08-09T11:09:07","modified_gmt":"2021-08-09T11:09:07","slug":"unde-te-distrezi-in-brasov-evenimente-si-festivaluri","status":"publish","type":"post","link":"https:\/\/www.helloromania.com\/blog\/unde-te-distrezi-in-brasov-evenimente-si-festivaluri\/","title":{"rendered":"Unde te distrezi \u00een Bra\u0219ov: evenimente \u0219i festivaluri"},"content":{"rendered":"\n<p>Dac\u0103 te afli \u00eentr-un weekend prelungit \u00een frumosul ora\u0219 din inima Transilvaniei sau doar \u00eentr-un concediu de odihn\u0103, nu ezita s\u0103 profi\u021bi \u0219i de via\u021ba social\u0103 pe care o ofer\u0103 Bra\u0219ovul. Dup\u0103 ce ai vizitat obiectivele din zon\u0103 \u0219i \u00eemprejurimi, merit\u0103 s\u0103 experimentezi o zi de festival sau un concert \u00een aer liber.<\/p>\n\n\n\n<p><strong>Evenimente muzicale pentru toate stilurile<\/strong><\/p>\n\n\n\n<ul class=\"wp-block-list\"><li><strong>Rockstadt Extreme Fest<\/strong><\/li><\/ul>\n\n\n\n<p>Rockstadt Extreme Fest este un festival anual de muzic\u0103 heavy metal, care are loc la Cetatea R\u00e2\u0219nov. Festivalul se desf\u0103\u0219oar\u0103 \u00een luna august \u0219i este dedicat at\u00e2t metalului, c\u00e2t \u0219i altor genuri muzicale, printre care: heavy metal, power metal, crossover thrash sau metalcore.<\/p>\n\n\n\n<ul class=\"wp-block-list\"><li><strong>Festivalul Interna\u021bional al Muzicii de Camer\u0103<\/strong><\/li><\/ul>\n\n\n\n<p>Este un festival organizat anual de c\u0103tre Filarmonica Bra\u0219ov, unde pasiona\u021bii de gen se vor delecta cu spectacolele camerale de elit\u0103 sus\u021binute de forma\u021bii \u0219i ansambluri recunoscute din Rom\u00e2nia \u0219i din str\u0103in\u0103tate.<\/p>\n\n\n\n<ul class=\"wp-block-list\"><li><strong>Musica Coronensis<\/strong><\/li><\/ul>\n\n\n\n<p>Festivalul Musica Coronensis este locul \u00een care institu\u021biile de cultur\u0103 ale ora\u0219ului transilv\u0103nean, se \u00eent\u00e2lnesc pentru o diversitate muzical\u0103: Opera, Liceul de Muzic\u0103, Facultatea de Muzic\u0103, Filarmonica, Biserica Neagr\u0103, Casa Mure\u0219enilor, Centrul Cultural Reduta, ansambluri muzicale \u0219i forma\u021bii de muzic\u0103 de camer\u0103.<\/p>\n\n\n\n<p><strong>Bra\u0219ovul, locul ideal pentru filmele horror<\/strong><\/p>\n\n\n\n<ul class=\"wp-block-list\"><li><strong><a href=\"https:\/\/draculafilm.ro\/regulament\/\">Dracula Film Festival<\/a><\/strong><strong><\/strong><\/li><\/ul>\n\n\n\n<p>Dac\u0103 e\u0219ti un \u00eemp\u0103timit al filmelor horror \u0219i fantasy, atunci Festivalul Dracula Film este locul \u00een care trebuie s\u0103 te afli \u00een luna octombrie. \u00cembog\u0103\u021be\u0219te-te cultural cu cele mai noi filme de gen, \u00een cadrul competi\u021biilor de lungmetraj \u0219i scurtmetraj interna\u021bional sau rom\u00e2nesc.<\/p>\n\n\n\n<p><strong>Teatru, dans \u0219i lans\u0103ri de carte<\/strong><\/p>\n\n\n\n<ul class=\"wp-block-list\"><li><strong>Festivalul Etnovember<\/strong><\/li><\/ul>\n\n\n\n<p>La final de noiembrie, particip\u0103 la un eveniment de gen etno-medieval ce reune\u0219te, toate etniile din ora\u0219 (rom\u00e2ni, maghiari, evrei, rromi, comunit\u0103\u021bi germane \u0219i grece\u0219ti), timp de trei zile. S\u0103rb\u0103toarea g\u0103zduie\u0219te evenimente pentru toate gusturile: pelerinaj cu tor\u021be pe str\u0103zile Bra\u0219ovului, muzic\u0103 \u0219i dansuri specifice minorit\u0103\u021bilor din Transilvania, defil\u0103ri ale personajelor medievale (cavaleri, domni\u021be, vr\u0103jitoare), expozi\u021bii de pictur\u0103 sau fotografie.<\/p>\n\n\n\n<ul class=\"wp-block-list\"><li><strong>Festivalul de Film \u0219i Istorii R\u00e2\u0219nov<\/strong><\/li><\/ul>\n\n\n\n<p>Eveniment cultural cu filme inteligente, lectori carismatici, public select, dezbateri relevante, concerte exuberante, expozi\u021bii \u0219i standuri de c\u0103r\u021bi. Toate la final de iulie \u00een R\u00e2\u0219nov.<\/p>\n\n\n\n<ul class=\"wp-block-list\"><li><strong>Festivalul de Carte \u0219i Muzic\u0103 Libris<\/strong><\/li><\/ul>\n\n\n\n<p>Seria evenimentelor de cultur\u0103 continu\u0103 cu concerte, lans\u0103ri de romane, beletristic\u0103, audio book-uri, CD-uri aranjate \u00eentr-un decor pitoresc, toate la dispozi\u021bia ta \u00een Pia\u021ba Sfatului. C\u00e2nd? Pe 25-28 iulie.<\/p>\n\n\n\n<ul class=\"wp-block-list\"><li><strong>Tam Tam Festival<\/strong><\/li><\/ul>\n\n\n\n<p>De la expozi\u021bii \u0219i lans\u0103ri de carte, f\u0103 c\u00e2\u021biva pa\u0219i la Tam Tam Festival, tot \u00een Bra\u0219ov. \u00centre 26-28 iulie, evenimentul promite: muzic\u0103 \u0219i teatru, dans \u0219i film sau chiar arte vizuale. Mai exact, \u00een fiecare zi faci un lucru diferit: oper\u0103 rock, concerte de saxofon sau blues, piese de teatru, ateliere de fotografie sau de jazz. Tu ce ai chef s\u0103 faci azi?<\/p>\n\n\n\n<ul class=\"wp-block-list\"><li><strong>Zilele Bra\u0219ovului<\/strong><\/li><\/ul>\n\n\n\n<p>Dac\u0103 e\u0219ti un turist \u00een trecere prin Bra\u0219ov sau \u0219i mai bine, un localnic norocos, atunci delecteaz\u0103-te cu spectacole, expozi\u021bii, lans\u0103ri de carte, pe durata a trei zile. Spectacole medievale, parade, tradi\u021bii bra\u0219ovene, muzic\u0103 \u0219i dansuri tradi\u021bionale ale grup\u0103rilor etnice din Bra\u0219ov, muzic\u0103 \u0219i dansuri populare, t\u00e2rguri, spectacole folclorice, vizitarea obiectivelor turistice din Centrul Vechi al ora\u0219ului, plus multe altele sunt doar c\u00e2teva din surprizele preg\u0103tite anual de mult \u00eendr\u0103gitul ora\u0219 transilv\u0103nean pentru vizitatori \u0219i b\u0103\u0219tina\u0219i.<\/p>\n","protected":false},"excerpt":{"rendered":"<p>Dac\u0103 te afli \u00eentr-un weekend prelungit \u00een frumosul ora\u0219 din inima Transilvaniei sau doar \u00eentr-un concediu de odihn\u0103, nu ezita s\u0103 profi\u021bi \u0219i de via\u021ba social\u0103 pe care o ofer\u0103 Bra\u0219ovul. Dup\u0103 ce ai vizitat obiectivele din zon\u0103 \u0219i \u00eemprejurimi, merit\u0103 s\u0103 experimentezi o zi de festival sau un concert \u00een aer liber. Evenimente muzicale [&hellip;]<\/p>\n","protected":false},"author":2,"featured_media":214,"comment_status":"open","ping_status":"open","sticky":false,"template":"","format":"standard","meta":{"footnotes":""},"categories":[12],"tags":[40],"class_list":["post-213","post","type-post","status-publish","format-standard","has-post-thumbnail","hentry","category-city-break","tag-brasov"],"_links":{"self":[{"href":"https:\/\/www.helloromania.com\/blog\/wp-json\/wp\/v2\/posts\/213","targetHints":{"allow":["GET"]}}],"collection":[{"href":"https:\/\/www.helloromania.com\/blog\/wp-json\/wp\/v2\/posts"}],"about":[{"href":"https:\/\/www.helloromania.com\/blog\/wp-json\/wp\/v2\/types\/post"}],"author":[{"embeddable":true,"href":"https:\/\/www.helloromania.com\/blog\/wp-json\/wp\/v2\/users\/2"}],"replies":[{"embeddable":true,"href":"https:\/\/www.helloromania.com\/blog\/wp-json\/wp\/v2\/comments?post=213"}],"version-history":[{"count":1,"href":"https:\/\/www.helloromania.com\/blog\/wp-json\/wp\/v2\/posts\/213\/revisions"}],"predecessor-version":[{"id":215,"href":"https:\/\/www.helloromania.com\/blog\/wp-json\/wp\/v2\/posts\/213\/revisions\/215"}],"wp:featuredmedia":[{"embeddable":true,"href":"https:\/\/www.helloromania.com\/blog\/wp-json\/wp\/v2\/media\/214"}],"wp:attachment":[{"href":"https:\/\/www.helloromania.com\/blog\/wp-json\/wp\/v2\/media?parent=213"}],"wp:term":[{"taxonomy":"category","embeddable":true,"href":"https:\/\/www.helloromania.com\/blog\/wp-json\/wp\/v2\/categories?post=213"},{"taxonomy":"post_tag","embeddable":true,"href":"https:\/\/www.helloromania.com\/blog\/wp-json\/wp\/v2\/tags?post=213"}],"curies":[{"name":"wp","href":"https:\/\/api.w.org\/{rel}","templated":true}]}}